{"id":9068,"date":"2021-05-27T09:00:04","date_gmt":"2021-05-27T09:00:04","guid":{"rendered":"https:\/\/www.forumlibertas.com\/eutanasia\/?p=9068"},"modified":"2021-09-16T09:32:00","modified_gmt":"2021-09-16T09:32:00","slug":"recomendaciones-eutanasia","status":"publish","type":"post","link":"https:\/\/www.forumlibertas.com\/eutanasia\/recomendaciones-eutanasia\/","title":{"rendered":"El Colegio Oficial de Enfermer\u00eda de Madrid publica recomendaciones sobre la pr\u00e1ctica de la eutanasia"},"content":{"rendered":"<p>El 18 de marzo de 2021, el Congreso de los Diputados aprobaba de forma definitiva la regulaci\u00f3n de <a href=\"https:\/\/www.forumlibertas.com\/argumentos-contra-eutanasia\/\" target=\"_blank\" rel=\"noopener\">ayuda para morir<\/a>, la eutanasia, siendo publicada en el Bolet\u00edn Oficial del Estado la Ley Org\u00e1nica 3\/2021, de 24 de marzo, de regulaci\u00f3n de la eutanasia, estando prevista su entrada en vigor el 25 de junio de 2021.<\/p>\n<p>Durante estos 3 meses desde su publicaci\u00f3n en el BOE hasta su entrada en vigor, seg\u00fan contempla la propia ley, <strong>se deben crear y constituir las Comisiones de Garant\u00eda y Evaluaci\u00f3n auton\u00f3micas, al igual que la elaboraci\u00f3n de los manuales de buenas pr\u00e1cticas y protocolos que sirvan para orientar la correcta puesta en pr\u00e1ctica de la ley.<\/strong><\/p>\n<p>Desde la Comisi\u00f3n Deontol\u00f3gica del <a href=\"https:\/\/www.codem.es\/inicio\" target=\"_blank\" rel=\"noopener\">Colegio Oficial de Enfermer\u00eda de Madrid<\/a>, con el objetivo de ejercer labores de representaci\u00f3n y posicionamiento en relaci\u00f3n a un \u00e1mbito donde la profesi\u00f3n de enfermer\u00eda est\u00e1 directamente implicada, el 14 de diciembre de 2020, <a href=\"https:\/\/www.forumlibertas.com\/wp-content\/uploads\/2021\/05\/LORE_CODEM_10may2021.pdf\">se public\u00f3 un informe<\/a> en el que se recogieron las distintas perspectivas &#8220;desde el punto de vista \u00e9tico, social, deontol\u00f3gico, legal y por supuesto cl\u00ednico desde la visi\u00f3n enfermera&#8221;, tal y como informa.<\/p>\n<p>Dicho informe se mand\u00f3 a todos los grupos parlamentarios, junto con la difusi\u00f3n a otros organismos, medios de comunicaci\u00f3n y la ciudadan\u00eda &#8220;con el objetivo de aportar una serie de recomendaciones no solo de cara a la legislaci\u00f3n, sino tambi\u00e9n a su implementaci\u00f3n adecuada en la pr\u00e1ctica cl\u00ednica&#8221;.<\/p>\n<p>Ahora, el Colegio Oficial de Enfermer\u00eda de Madrid presenta este documento de recomendaciones, alguna de las cuales fueron incluidas en el texto normativo definitivo. &#8220;<strong>Nuestro objetivo ahora es proporcionar una serie de recomendaciones para la correcta aplicaci\u00f3n de la ley en la Comunidad de Madrid<\/strong>&#8220;, afirman.<\/p>\n<p>Lo que sorprende del documento es constatar que la eutanasia es una realidad en Espa\u00f1a y que le rige un sistema en el que profesionales de la sanidad se enfrentar\u00e1n a situaciones que nunca antes hab\u00edan vividos. <strong>Situaciones llenas de conflictos personales y \u00e9ticos.<\/strong><\/p>\n<p>Por ejemplo, se describen todos los procesos y las recomendaciones a la hora de tomar decisiones sobre el hecho de provocar la muerte a una persona.<\/p>\n<p>Tambi\u00e9n explora las posibilidades por las que un m\u00e9dico u enfermera <strong>pueden declararse en objeci\u00f3n de conciencia ante la eutanasia<\/strong>, tales como: decisi\u00f3n individual y privada, coherencia profesional, situaci\u00f3n cl\u00ednica concreta, o protecci\u00f3n al paciente, entre otros.<\/p>\n","protected":false},"excerpt":{"rendered":"<p>El 18 de marzo de 2021, el Congreso de los Diputados aprobaba de forma definitiva la regulaci\u00f3n de ayuda para morir, la eutanasia, siendo publicada en el Bolet\u00edn Oficial del Estado la Ley Org\u00e1nica 3\/2021, de 24 de marzo, de regulaci\u00f3n de la eutanasia, estando prevista su entrada en vigor el 25 de junio de&#8230;<\/p>\n","protected":false},"author":2,"featured_media":9069,"comment_status":"open","ping_status":"open","sticky":false,"template":"","format":"standard","meta":{"_FSMCFIC_featured_image_caption":"","_FSMCFIC_featured_image_nocaption":null,"_FSMCFIC_featured_image_hide":null,"footnotes":""},"categories":[20],"tags":[],"class_list":["post-9068","post","type-post","status-publish","format-standard","has-post-thumbnail","hentry","category-recursos"],"yoast_head":"<!-- This site is optimized with the Yoast SEO plugin v16.2 - https:\/\/yoast.com\/wordpress\/plugins\/seo\/ -->\n<title>El Colegio Oficial de Enfermer\u00eda de Madrid publica recomendaciones sobre la pr\u00e1ctica de la eutanasia - Eutanasia no, toda vida importa<\/title>\n<meta name=\"robots\" content=\"noindex, nofollow\" \/>\n<meta property=\"og:locale\" content=\"es_ES\" \/>\n<meta property=\"og:type\" content=\"article\" \/>\n<meta property=\"og:title\" content=\"El Colegio Oficial de Enfermer\u00eda de Madrid publica recomendaciones sobre la pr\u00e1ctica de la eutanasia - Eutanasia no, toda vida importa\" \/>\n<meta property=\"og:description\" content=\"El 18 de marzo de 2021, el Congreso de los Diputados aprobaba de forma definitiva la regulaci\u00f3n de ayuda para morir, la eutanasia, siendo publicada en el Bolet\u00edn Oficial del Estado la Ley Org\u00e1nica 3\/2021, de 24 de marzo, de regulaci\u00f3n de la eutanasia, estando prevista su entrada en vigor el 25 de junio de...\" \/>\n<meta property=\"og:url\" content=\"https:\/\/www.forumlibertas.com\/eutanasia\/recomendaciones-eutanasia\/\" \/>\n<meta property=\"og:site_name\" content=\"Eutanasia no, toda vida importa\" \/>\n<meta property=\"article:published_time\" content=\"2021-05-27T09:00:04+00:00\" \/>\n<meta property=\"article:modified_time\" content=\"2021-09-16T09:32:00+00:00\" \/>\n<meta property=\"og:image\" content=\"https:\/\/www.forumlibertas.com\/eutanasia\/wp-content\/uploads\/2021\/07\/enferma-600x337-1.jpg\" \/>\n\t<meta property=\"og:image:width\" content=\"600\" \/>\n\t<meta property=\"og:image:height\" content=\"337\" \/>\n<meta name=\"twitter:card\" content=\"summary_large_image\" \/>\n<meta name=\"twitter:label1\" content=\"Tiempo de lectura\">\n\t<meta name=\"twitter:data1\" content=\"2 minutos\">\n<script type=\"application\/ld+json\" class=\"yoast-schema-graph\">{\"@context\":\"https:\/\/schema.org\",\"@graph\":[{\"@type\":\"WebSite\",\"@id\":\"https:\/\/www.forumlibertas.com\/eutanasia\/#website\",\"url\":\"https:\/\/www.forumlibertas.com\/eutanasia\/\",\"name\":\"Eutanasia no, toda vida importa\",\"description\":\"Otro sitio realizado con WordPress\",\"potentialAction\":[{\"@type\":\"SearchAction\",\"target\":\"https:\/\/www.forumlibertas.com\/eutanasia\/?s={search_term_string}\",\"query-input\":\"required name=search_term_string\"}],\"inLanguage\":\"es\"},{\"@type\":\"ImageObject\",\"@id\":\"https:\/\/www.forumlibertas.com\/eutanasia\/recomendaciones-eutanasia\/#primaryimage\",\"inLanguage\":\"es\",\"url\":\"https:\/\/www.forumlibertas.com\/eutanasia\/wp-content\/uploads\/2021\/07\/enferma-600x337-1.jpg\",\"contentUrl\":\"https:\/\/www.forumlibertas.com\/eutanasia\/wp-content\/uploads\/2021\/07\/enferma-600x337-1.jpg\",\"width\":600,\"height\":337},{\"@type\":\"WebPage\",\"@id\":\"https:\/\/www.forumlibertas.com\/eutanasia\/recomendaciones-eutanasia\/#webpage\",\"url\":\"https:\/\/www.forumlibertas.com\/eutanasia\/recomendaciones-eutanasia\/\",\"name\":\"El Colegio Oficial de Enfermer\\u00eda de Madrid publica recomendaciones sobre la pr\\u00e1ctica de la eutanasia - Eutanasia no, toda vida importa\",\"isPartOf\":{\"@id\":\"https:\/\/www.forumlibertas.com\/eutanasia\/#website\"},\"primaryImageOfPage\":{\"@id\":\"https:\/\/www.forumlibertas.com\/eutanasia\/recomendaciones-eutanasia\/#primaryimage\"},\"datePublished\":\"2021-05-27T09:00:04+00:00\",\"dateModified\":\"2021-09-16T09:32:00+00:00\",\"author\":{\"@id\":\"https:\/\/www.forumlibertas.com\/eutanasia\/#\/schema\/person\/0ab8da4a4ed9187f71e5acd135122815\"},\"breadcrumb\":{\"@id\":\"https:\/\/www.forumlibertas.com\/eutanasia\/recomendaciones-eutanasia\/#breadcrumb\"},\"inLanguage\":\"es\",\"potentialAction\":[{\"@type\":\"ReadAction\",\"target\":[\"https:\/\/www.forumlibertas.com\/eutanasia\/recomendaciones-eutanasia\/\"]}]},{\"@type\":\"BreadcrumbList\",\"@id\":\"https:\/\/www.forumlibertas.com\/eutanasia\/recomendaciones-eutanasia\/#breadcrumb\",\"itemListElement\":[{\"@type\":\"ListItem\",\"position\":1,\"item\":{\"@type\":\"WebPage\",\"@id\":\"https:\/\/www.forumlibertas.com\/eutanasia\/\",\"url\":\"https:\/\/www.forumlibertas.com\/eutanasia\/\",\"name\":\"Portada\"}},{\"@type\":\"ListItem\",\"position\":2,\"item\":{\"@id\":\"https:\/\/www.forumlibertas.com\/eutanasia\/recomendaciones-eutanasia\/#webpage\"}}]},{\"@type\":\"Person\",\"@id\":\"https:\/\/www.forumlibertas.com\/eutanasia\/#\/schema\/person\/0ab8da4a4ed9187f71e5acd135122815\",\"name\":\"ForumLibertas.com\",\"image\":{\"@type\":\"ImageObject\",\"@id\":\"https:\/\/www.forumlibertas.com\/eutanasia\/#personlogo\",\"inLanguage\":\"es\",\"url\":\"https:\/\/www.forumlibertas.com\/eutanasia\/wp-content\/uploads\/2021\/06\/logo-eutanasia-no-96x96.png\",\"contentUrl\":\"https:\/\/www.forumlibertas.com\/eutanasia\/wp-content\/uploads\/2021\/06\/logo-eutanasia-no-96x96.png\",\"caption\":\"ForumLibertas.com\"}}]}<\/script>\n<!-- \/ Yoast SEO plugin. -->","wps_subtitle":"\u201cNuestro objetivo ahora es proporcionar una serie de recomendaciones para la correcta aplicaci\u00f3n de la ley en la Comunidad de Madrid\u201d, afirman","_links":{"self":[{"href":"https:\/\/www.forumlibertas.com\/eutanasia\/wp-json\/wp\/v2\/posts\/9068","targetHints":{"allow":["GET"]}}],"collection":[{"href":"https:\/\/www.forumlibertas.com\/eutanasia\/wp-json\/wp\/v2\/posts"}],"about":[{"href":"https:\/\/www.forumlibertas.com\/eutanasia\/wp-json\/wp\/v2\/types\/post"}],"author":[{"embeddable":true,"href":"https:\/\/www.forumlibertas.com\/eutanasia\/wp-json\/wp\/v2\/users\/2"}],"replies":[{"embeddable":true,"href":"https:\/\/www.forumlibertas.com\/eutanasia\/wp-json\/wp\/v2\/comments?post=9068"}],"version-history":[{"count":3,"href":"https:\/\/www.forumlibertas.com\/eutanasia\/wp-json\/wp\/v2\/posts\/9068\/revisions"}],"predecessor-version":[{"id":9072,"href":"https:\/\/www.forumlibertas.com\/eutanasia\/wp-json\/wp\/v2\/posts\/9068\/revisions\/9072"}],"wp:featuredmedia":[{"embeddable":true,"href":"https:\/\/www.forumlibertas.com\/eutanasia\/wp-json\/wp\/v2\/media\/9069"}],"wp:attachment":[{"href":"https:\/\/www.forumlibertas.com\/eutanasia\/wp-json\/wp\/v2\/media?parent=9068"}],"wp:term":[{"taxonomy":"category","embeddable":true,"href":"https:\/\/www.forumlibertas.com\/eutanasia\/wp-json\/wp\/v2\/categories?post=9068"},{"taxonomy":"post_tag","embeddable":true,"href":"https:\/\/www.forumlibertas.com\/eutanasia\/wp-json\/wp\/v2\/tags?post=9068"}],"curies":[{"name":"wp","href":"https:\/\/api.w.org\/{rel}","templated":true}]}}