{"id":9073,"date":"2021-07-01T07:25:58","date_gmt":"2021-07-01T07:25:58","guid":{"rendered":"https:\/\/www.forumlibertas.com\/eutanasia\/?p=9073"},"modified":"2021-09-16T09:31:28","modified_gmt":"2021-09-16T09:31:28","slug":"dudas-y-preguntas-ley-eutanasia","status":"publish","type":"post","link":"https:\/\/www.forumlibertas.com\/eutanasia\/dudas-y-preguntas-ley-eutanasia\/","title":{"rendered":"Dudas y preguntas sobre la aplicaci\u00f3n de la ley de la eutanasia en Espa\u00f1a"},"content":{"rendered":"<p>La \u201cLey Org\u00e1nica 3\/2021 de<a href=\"https:\/\/www.forumlibertas.com\/lay-de-la-eutanasia-una-ley-injusta-e-indigna\/\" target=\"_blank\" rel=\"noopener\"> regulaci\u00f3n de la eutanasia\u201d<\/a>, que entra en vigor a partir del 25 de junio, establece que las personas que cumplan los requisitos previstos en la ley pueden pedir la \u201cprestaci\u00f3n de la ayuda para morir\u201d, esto incluye la eutanasia y el suicidio asistido.<\/p>\n<p><strong>La lectura de la ley plantea muchas dudas, entre ellas est\u00e1n:<\/strong><\/p>\n<ol>\n<li>Por tratarse de una \u201cLey Org\u00e1nica\u201d y adem\u00e1s decir, al final del apartado I del pre\u00e1mbulo, \u201cLey introduce en nuestro ordenamiento jur\u00eddico un <strong>nuevo derecho individual como es la eutanasia.<\/strong> (\u2026) Cuando una persona plenamente capaz y libre se enfrenta a una situaci\u00f3n vital que a su juicio vulnera su dignidad, intimidad e integridad, como es la que define el contexto eutan\u00e1sico antes descrito, el bien de la vida puede decaer en favor de los dem\u00e1s bienes y derechos con los que debe ser ponderado, toda vez que no existe un deber constitucional de imponer o tutelar la vida a toda costa y en contra de la voluntad del titular del derecho a la vida. Por esta misma raz\u00f3n, el Estado est\u00e1 obligado a proveer un r\u00e9gimen jur\u00eddico que establezca las garant\u00edas necesarias y de seguridad jur\u00eddica\u201d. \u00bfPuede entenderse que plantea un <strong>derecho fundamental<\/strong> \u201cla prestaci\u00f3n ayuda para morir\u201d en el \u201ccontexto eutan\u00e1sico\u201d? En la Constituci\u00f3n solo se contempla el derecho a la vida y no existe el derecho a la vida solo mientras uno considere que la vida es digna, ni recoge tampoco el derecho a que un m\u00e9dico pueda provocar la muerte.<\/li>\n<li>En el supuesto de entender que es un derecho fundamental \u00bfdos partes, en un pacto privado, <strong>pueden renunciar<\/strong> a ese derecho? Quiz\u00e1 se puede recordar que muchos derechos, principalmente los no patrimoniales, admiten su no ejercicio o su renuncia temporal.<\/li>\n<\/ol>\n<ol start=\"3\">\n<li>\u00bfSe han de revisar o denunciar los <strong>acuerdos internacionales<\/strong> que Espa\u00f1a tiene firmados y que protegen a los enfermos, bien con discapacidad o en general, y que rechazan la discriminaci\u00f3n por motivos de salud?<\/li>\n<li>En el art\u00edculo 14 \u00bfC\u00f3mo se determina y vigila el <strong>conflicto de intereses de los \u201cequipos profesionales\u201d<\/strong> (por ejemplo: por ser familiar, por participar o beneficiarse del trasplante de alg\u00fan \u00f3rgano del difunto, etc.)?<\/li>\n<li>En el art\u00edculo 16. La intromisi\u00f3n que supone pedir la manifestaci\u00f3n \u201canticipada y por escrito\u201d de <strong>la declaraci\u00f3n de objeci\u00f3n de conciencia<\/strong>, y posiblemente suponer un factor de discriminaci\u00f3n en el \u00e1mbito de la carrera profesional \u00bfPuede ser inconstitucional o atentar contra el derecho a no tener que declarar sobre mis creencias o convicciones ideol\u00f3gicas?<\/li>\n<li>La ley dice que la objeci\u00f3n de conciencia \u201ces una decisi\u00f3n individual del profesional sanitario directamente implicado en su realizaci\u00f3n\u201d,<strong> \u00bfhasta qu\u00e9 profesionales sanitarios alcanza?<\/strong> \u00bfm\u00e9dico responsable, m\u00e9dico consultor, enfermeras, farmac\u00e9uticos, auxiliares de enfermer\u00eda, psic\u00f3logos, celadores, administrativos, recepcionistas\u2026? Todos ellos pueden verse de alg\u00fan modo implicados directamente en su realizaci\u00f3n.<\/li>\n<li>En este momento \u00bfser\u00eda m\u00e1s conveniente no declararse objetor para as\u00ed proteger la vida de los enfermos? Es importante tener en cuenta que el m\u00e9dico puede rechazar la solicitud de eutanasia del paciente despu\u00e9s del primer o el segundo \u201cproceso deliberativo\u201d que plantea la ley. <strong>La retirada de los m\u00e9dicos objetores<\/strong> dejar\u00eda el camino libre a aquellos que tienen pocas dificultades en provocar la muerte.<\/li>\n<li>Si un m\u00e9dico que se hubiera declarado objetor recibe la petici\u00f3n de eutanasia por parte de un paciente que es responsable \u00bfpodr\u00eda encargarse de realizar el primer \u201cproceso deliberativo\u201d que manda la ley, con el fin de evitar la solicitud de eutanasia del paciente? <strong>\u00bfO podr\u00eda ser entendido como una cooperaci\u00f3n al mal y se debe evitar?<\/strong><\/li>\n<li>En el caso de existir unas \u201cinstrucciones previas o documento equivalente\u201d el m\u00e9dico \u201cest\u00e1 obligado\u201d a aplicarlo (Art\u00edculo 9). Algunos documentos de instrucciones previas (pocos hasta ahora) incluyen la petici\u00f3n de eutanasia. Por lo tanto, si el m\u00e9dico no se ha declarado antes objetor y se niega a matar al paciente que no puede expresarse y tiene firmado ese documento <strong>\u00bfpodr\u00eda el m\u00e9dico incurrir en una falta y ser objeto de sanci\u00f3n?<\/strong><\/li>\n<li><strong>Si no se ha firmado ante notario el documento de instrucciones previas<\/strong> \u00bfc\u00f3mo se comprueba la validez de las tres personas que figuran como testigos del documento (por ejemplo que no son familiares)?<\/li>\n<li>El C\u00f3digo de Deontolog\u00eda M\u00e9dica (2011), que recoge el conjunto de principios y reglas \u00e9ticas que deben inspirar y guiar la conducta profesional del m\u00e9dico, en el art\u00edculo 12.3 dice: Si el paciente exigiera del m\u00e9dico un procedimiento que \u00e9ste, por <strong>razones cient\u00edficas o \u00e9ticas<\/strong>, juzgase inadecuado o inaceptable, el m\u00e9dico, tras informarle debidamente, quedar\u00e1 dispensado de actuar. \u00bfServir\u00eda este punto para negarse a realizar la eutanasia cuando estuviera contemplada su realizaci\u00f3n en el documento de voluntades previas del paciente? \u00bfCu\u00e1l es la \u201cfuerza legal\u201d que tienen los c\u00f3digos deontol\u00f3gicos en Espa\u00f1a actualmente?<\/li>\n<li>El <strong>Consejo de Europa<\/strong> se ha posicionado a favor del derecho a la objeci\u00f3n de Instituciones: \u201cNinguna persona, hospital o instituci\u00f3n ser\u00e1 coaccionada, considerada civilmente responsable o discriminada debido a su rechazo a realizar, autorizar, participar o asistir en la pr\u00e1ctica de un aborto, la realizaci\u00f3n de un aborto involuntario o de emergencia, eutanasia o cualquier otro acto que cause la muerte de un feto humano o un embri\u00f3n, por cualquier raz\u00f3n\u201d (Resoluci\u00f3n 1763, a\u00f1o 2010). \u00bfPor qu\u00e9 la ley solo recoge que la objeci\u00f3n de conciencia \u201ces una decisi\u00f3n individual del profesional sanitario directamente implicado\u201d? (Art. 16)<\/li>\n<li>En el art\u00edculo 3. Algunas \u201c<strong>definiciones<\/strong>\u201d tienen una amplitud muy grande y les falta precisi\u00f3n. Adem\u00e1s \u00bfc\u00f3mo se eval\u00faan? La ley no determina instrumentos de evaluaci\u00f3n. Por ejemplo, en los puntos: b) \u00ab<strong>Padecimiento grave, cr\u00f3nico e imposibilitante<\/strong>\u00bb: situaci\u00f3n que hace referencia a limitaciones que inciden directamente sobre la autonom\u00eda f\u00edsica y actividades de la vida diaria, de manera que no permite valerse por s\u00ed mismo, as\u00ed como sobre la capacidad de expresi\u00f3n y relaci\u00f3n, y que llevan asociado un sufrimiento f\u00edsico o ps\u00edquico constante e intolerable para quien lo padece, existiendo seguridad o gran probabilidad de que tales limitaciones vayan a persistir en el tiempo sin posibilidad de curaci\u00f3n o mejor\u00eda apreciable. En ocasiones puede suponer la dependencia absoluta de apoyo tecnol\u00f3gico; c) \u00ab<strong>Enfermedad grave e incurable<\/strong>\u00bb: la que por su naturaleza origina sufrimientos f\u00edsicos o ps\u00edquicos constantes e insoportables sin posibilidad de alivio que la persona considere tolerable, con un pron\u00f3stico de vida limitado, en un contexto de fragilidad progresiva.<\/li>\n<li><strong>Lo intolerable del sufrimiento \u00bfc\u00f3mo se eval\u00faa?<\/strong> Parece dejarse totalmente a la subjetividad del paciente: \u201cintolerable para quien lo padece\u201d. \u00bfQu\u00e9 significa \u201cpron\u00f3stico de vida limitado\u201d? \u00bfC\u00f3mo se eval\u00faa la \u201cfragilidad progresiva\u201d?<\/li>\n<li>En el art\u00edculo 5.2, para los casos de \u201cincapacidad de hecho\u201d se \u201char\u00e1 conforme a los protocolos de actuaci\u00f3n que se determinen por el Consejo Interterritorial del Sistema Nacional de Salud\u201d. Que se han de elaborar estando ya en vigor la ley, durante los tres meses de aplicaci\u00f3n de la ley \u00bfNo habr\u00edan de ser elaborados antes de la entrada en vigor de la ley? <strong>\u00bfEsa \u201cincapacitaci\u00f3n de hecho\u201d no deber\u00eda tener la supervisi\u00f3n de un juez?<\/strong><\/li>\n<li>En el art\u00edculo 11. 1 \u00bfQui\u00e9n elaborar\u00e1 \u201clos protocolos correspondientes, que contendr\u00e1n, adem\u00e1s, criterios en cuanto a la forma y tiempo de realizaci\u00f3n de la prestaci\u00f3n\u201d? \u00bfLa Comisi\u00f3n de cada autonom\u00eda?<\/li>\n<li>En el art\u00edculo 18 \u00bfQui\u00e9n pagar\u00eda a los equipos externos de profesionales sanitarios que acudan a practicar la eutanasia a un <strong>centro privado<\/strong> donde no hay m\u00e9dicos dispuestos a aplicar la eutanasia?<\/li>\n<\/ol>\n<p>Ante la grave situaci\u00f3n, provocada por una ley que permite al m\u00e9dico matar, surgen muchas dudas y preguntas. Con serenidad y profundidad se deben considerar todas las posibilidades para proteger la vida. Es un momento especialmente importante para sentir la responsabilidad de poner luz en un mundo que parece aceptar que se pueda acabar con la vida de los m\u00e1s vulnerables.<\/p>\n<p><strong>Xavier Sobrevia, Sacerdote y doctor en medicina<\/strong><\/p>\n","protected":false},"excerpt":{"rendered":"<p>La \u201cLey Org\u00e1nica 3\/2021 de regulaci\u00f3n de la eutanasia\u201d, que entra en vigor a partir del 25 de junio, establece que las personas que cumplan los requisitos previstos en la ley pueden pedir la \u201cprestaci\u00f3n de la ayuda para morir\u201d, esto incluye la eutanasia y el suicidio asistido. La lectura de la ley plantea muchas&#8230;<\/p>\n","protected":false},"author":2,"featured_media":9074,"comment_status":"open","ping_status":"open","sticky":false,"template":"","format":"standard","meta":{"_FSMCFIC_featured_image_caption":"","_FSMCFIC_featured_image_nocaption":null,"_FSMCFIC_featured_image_hide":null,"footnotes":""},"categories":[20],"tags":[],"class_list":["post-9073","post","type-post","status-publish","format-standard","has-post-thumbnail","hentry","category-recursos"],"yoast_head":"<!-- This site is optimized with the Yoast SEO plugin v16.2 - https:\/\/yoast.com\/wordpress\/plugins\/seo\/ -->\n<title>Dudas y preguntas sobre la aplicaci\u00f3n de la ley de la eutanasia en Espa\u00f1a - Eutanasia no, toda vida importa<\/title>\n<meta name=\"robots\" content=\"noindex, nofollow\" \/>\n<meta property=\"og:locale\" content=\"es_ES\" \/>\n<meta property=\"og:type\" content=\"article\" \/>\n<meta property=\"og:title\" content=\"Dudas y preguntas sobre la aplicaci\u00f3n de la ley de la eutanasia en Espa\u00f1a - Eutanasia no, toda vida importa\" \/>\n<meta property=\"og:description\" content=\"La \u201cLey Org\u00e1nica 3\/2021 de regulaci\u00f3n de la eutanasia\u201d, que entra en vigor a partir del 25 de junio, establece que las personas que cumplan los requisitos previstos en la ley pueden pedir la \u201cprestaci\u00f3n de la ayuda para morir\u201d, esto incluye la eutanasia y el suicidio asistido. La lectura de la ley plantea muchas...\" \/>\n<meta property=\"og:url\" content=\"https:\/\/www.forumlibertas.com\/eutanasia\/dudas-y-preguntas-ley-eutanasia\/\" \/>\n<meta property=\"og:site_name\" content=\"Eutanasia no, toda vida importa\" \/>\n<meta property=\"article:published_time\" content=\"2021-07-01T07:25:58+00:00\" \/>\n<meta property=\"article:modified_time\" content=\"2021-09-16T09:31:28+00:00\" \/>\n<meta property=\"og:image\" content=\"https:\/\/www.forumlibertas.com\/eutanasia\/wp-content\/uploads\/2021\/07\/eutanasia-600x320-1.jpg\" \/>\n\t<meta property=\"og:image:width\" content=\"600\" \/>\n\t<meta property=\"og:image:height\" content=\"320\" \/>\n<meta name=\"twitter:card\" content=\"summary_large_image\" \/>\n<meta name=\"twitter:label1\" content=\"Tiempo de lectura\">\n\t<meta name=\"twitter:data1\" content=\"6 minutos\">\n<script type=\"application\/ld+json\" class=\"yoast-schema-graph\">{\"@context\":\"https:\/\/schema.org\",\"@graph\":[{\"@type\":\"WebSite\",\"@id\":\"https:\/\/www.forumlibertas.com\/eutanasia\/#website\",\"url\":\"https:\/\/www.forumlibertas.com\/eutanasia\/\",\"name\":\"Eutanasia no, toda vida importa\",\"description\":\"Otro sitio realizado con WordPress\",\"potentialAction\":[{\"@type\":\"SearchAction\",\"target\":\"https:\/\/www.forumlibertas.com\/eutanasia\/?s={search_term_string}\",\"query-input\":\"required name=search_term_string\"}],\"inLanguage\":\"es\"},{\"@type\":\"ImageObject\",\"@id\":\"https:\/\/www.forumlibertas.com\/eutanasia\/dudas-y-preguntas-ley-eutanasia\/#primaryimage\",\"inLanguage\":\"es\",\"url\":\"https:\/\/www.forumlibertas.com\/eutanasia\/wp-content\/uploads\/2021\/07\/eutanasia-600x320-1.jpg\",\"contentUrl\":\"https:\/\/www.forumlibertas.com\/eutanasia\/wp-content\/uploads\/2021\/07\/eutanasia-600x320-1.jpg\",\"width\":600,\"height\":320},{\"@type\":\"WebPage\",\"@id\":\"https:\/\/www.forumlibertas.com\/eutanasia\/dudas-y-preguntas-ley-eutanasia\/#webpage\",\"url\":\"https:\/\/www.forumlibertas.com\/eutanasia\/dudas-y-preguntas-ley-eutanasia\/\",\"name\":\"Dudas y preguntas sobre la aplicaci\\u00f3n de la ley de la eutanasia en Espa\\u00f1a - Eutanasia no, toda vida importa\",\"isPartOf\":{\"@id\":\"https:\/\/www.forumlibertas.com\/eutanasia\/#website\"},\"primaryImageOfPage\":{\"@id\":\"https:\/\/www.forumlibertas.com\/eutanasia\/dudas-y-preguntas-ley-eutanasia\/#primaryimage\"},\"datePublished\":\"2021-07-01T07:25:58+00:00\",\"dateModified\":\"2021-09-16T09:31:28+00:00\",\"author\":{\"@id\":\"https:\/\/www.forumlibertas.com\/eutanasia\/#\/schema\/person\/0ab8da4a4ed9187f71e5acd135122815\"},\"breadcrumb\":{\"@id\":\"https:\/\/www.forumlibertas.com\/eutanasia\/dudas-y-preguntas-ley-eutanasia\/#breadcrumb\"},\"inLanguage\":\"es\",\"potentialAction\":[{\"@type\":\"ReadAction\",\"target\":[\"https:\/\/www.forumlibertas.com\/eutanasia\/dudas-y-preguntas-ley-eutanasia\/\"]}]},{\"@type\":\"BreadcrumbList\",\"@id\":\"https:\/\/www.forumlibertas.com\/eutanasia\/dudas-y-preguntas-ley-eutanasia\/#breadcrumb\",\"itemListElement\":[{\"@type\":\"ListItem\",\"position\":1,\"item\":{\"@type\":\"WebPage\",\"@id\":\"https:\/\/www.forumlibertas.com\/eutanasia\/\",\"url\":\"https:\/\/www.forumlibertas.com\/eutanasia\/\",\"name\":\"Portada\"}},{\"@type\":\"ListItem\",\"position\":2,\"item\":{\"@id\":\"https:\/\/www.forumlibertas.com\/eutanasia\/dudas-y-preguntas-ley-eutanasia\/#webpage\"}}]},{\"@type\":\"Person\",\"@id\":\"https:\/\/www.forumlibertas.com\/eutanasia\/#\/schema\/person\/0ab8da4a4ed9187f71e5acd135122815\",\"name\":\"ForumLibertas.com\",\"image\":{\"@type\":\"ImageObject\",\"@id\":\"https:\/\/www.forumlibertas.com\/eutanasia\/#personlogo\",\"inLanguage\":\"es\",\"url\":\"https:\/\/www.forumlibertas.com\/eutanasia\/wp-content\/uploads\/2021\/06\/logo-eutanasia-no-96x96.png\",\"contentUrl\":\"https:\/\/www.forumlibertas.com\/eutanasia\/wp-content\/uploads\/2021\/06\/logo-eutanasia-no-96x96.png\",\"caption\":\"ForumLibertas.com\"}}]}<\/script>\n<!-- \/ Yoast SEO plugin. -->","wps_subtitle":"La \u201cLey Org\u00e1nica 3\/2021 de regulaci\u00f3n de la eutanasia\u201d, que entra en vigor a partir del 25 de junio, establece que las personas que cumplan los requisitos previstos en la ley pueden pedir la \u201cprestaci\u00f3n de la ayuda para morir\u201d, esto incluye la eutanasia y el suicidio asistido","_links":{"self":[{"href":"https:\/\/www.forumlibertas.com\/eutanasia\/wp-json\/wp\/v2\/posts\/9073","targetHints":{"allow":["GET"]}}],"collection":[{"href":"https:\/\/www.forumlibertas.com\/eutanasia\/wp-json\/wp\/v2\/posts"}],"about":[{"href":"https:\/\/www.forumlibertas.com\/eutanasia\/wp-json\/wp\/v2\/types\/post"}],"author":[{"embeddable":true,"href":"https:\/\/www.forumlibertas.com\/eutanasia\/wp-json\/wp\/v2\/users\/2"}],"replies":[{"embeddable":true,"href":"https:\/\/www.forumlibertas.com\/eutanasia\/wp-json\/wp\/v2\/comments?post=9073"}],"version-history":[{"count":1,"href":"https:\/\/www.forumlibertas.com\/eutanasia\/wp-json\/wp\/v2\/posts\/9073\/revisions"}],"predecessor-version":[{"id":9075,"href":"https:\/\/www.forumlibertas.com\/eutanasia\/wp-json\/wp\/v2\/posts\/9073\/revisions\/9075"}],"wp:featuredmedia":[{"embeddable":true,"href":"https:\/\/www.forumlibertas.com\/eutanasia\/wp-json\/wp\/v2\/media\/9074"}],"wp:attachment":[{"href":"https:\/\/www.forumlibertas.com\/eutanasia\/wp-json\/wp\/v2\/media?parent=9073"}],"wp:term":[{"taxonomy":"category","embeddable":true,"href":"https:\/\/www.forumlibertas.com\/eutanasia\/wp-json\/wp\/v2\/categories?post=9073"},{"taxonomy":"post_tag","embeddable":true,"href":"https:\/\/www.forumlibertas.com\/eutanasia\/wp-json\/wp\/v2\/tags?post=9073"}],"curies":[{"name":"wp","href":"https:\/\/api.w.org\/{rel}","templated":true}]}}