{"id":9184,"date":"2021-11-12T10:38:08","date_gmt":"2021-11-12T10:38:08","guid":{"rendered":"https:\/\/www.forumlibertas.com\/eutanasia\/?p=9184"},"modified":"2021-11-12T10:38:08","modified_gmt":"2021-11-12T10:38:08","slug":"desmontando-mitos-la-objecion-de-conciencia","status":"publish","type":"post","link":"https:\/\/www.forumlibertas.com\/eutanasia\/desmontando-mitos-la-objecion-de-conciencia\/","title":{"rendered":"Desmontando mitos: la objeci\u00f3n de conciencia"},"content":{"rendered":"<p>La Asociaci\u00f3n Gallega de Bio\u00e9tica (AGABI) ofrece la Conferencia-Coloquio\u00a0<em><strong>\u00abDesmontando mitos: la objeci\u00f3n de conciencia\u00bb<\/strong><\/em>\u00a0a cargo del Sr.\u00a0<strong>Federico de Montalvo<\/strong>, presidente del Comit\u00e9 de Bio\u00e9tica de Espa\u00f1a, y ser\u00e1 presentado por\u00a0<strong>\u00c1ngel Guerra Sierra<\/strong>, presidente de la Asociaci\u00f3n Gallega de Bio\u00e9tica.<\/p>\n<p>Dia: Mi\u00e9rcoles,\u00a0<strong>17 de noviembre<\/strong>\u00a0de 2021<\/p>\n<p>Hora:\u00a0<strong>20h.<\/strong><\/p>\n<p>Lugar:\u00a0<strong>Marco<\/strong>\u00a0(c\/ Pr\u00edncipe, 54, Vigo)<\/p>\n<p><em>Entrada libre hasta completar el aforo: 120 personas<\/em><\/p>\n","protected":false},"excerpt":{"rendered":"<p>La Asociaci\u00f3n Gallega de Bio\u00e9tica (AGABI) ofrece la Conferencia-Coloquio\u00a0\u00abDesmontando mitos: la objeci\u00f3n de conciencia\u00bb\u00a0a cargo del Sr.\u00a0Federico de Montalvo, presidente del Comit\u00e9 de Bio\u00e9tica de Espa\u00f1a, y ser\u00e1 presentado por\u00a0\u00c1ngel Guerra Sierra, presidente de la Asociaci\u00f3n Gallega de Bio\u00e9tica. Dia: Mi\u00e9rcoles,\u00a017 de noviembre\u00a0de 2021 Hora:\u00a020h. Lugar:\u00a0Marco\u00a0(c\/ Pr\u00edncipe, 54, Vigo) Entrada libre hasta completar el aforo:&#8230;<\/p>\n","protected":false},"author":3,"featured_media":9185,"comment_status":"open","ping_status":"open","sticky":false,"template":"","format":"standard","meta":{"_FSMCFIC_featured_image_caption":"","_FSMCFIC_featured_image_nocaption":null,"_FSMCFIC_featured_image_hide":null,"footnotes":""},"categories":[19],"tags":[24],"class_list":["post-9184","post","type-post","status-publish","format-standard","has-post-thumbnail","hentry","category-actividades","tag-objecion-de-conciencia"],"yoast_head":"<!-- This site is optimized with the Yoast SEO plugin v16.2 - https:\/\/yoast.com\/wordpress\/plugins\/seo\/ -->\n<title>Desmontando mitos: la objeci\u00f3n de conciencia - Eutanasia no, toda vida importa<\/title>\n<meta name=\"robots\" content=\"noindex, nofollow\" \/>\n<meta property=\"og:locale\" content=\"es_ES\" \/>\n<meta property=\"og:type\" content=\"article\" \/>\n<meta property=\"og:title\" content=\"Desmontando mitos: la objeci\u00f3n de conciencia - Eutanasia no, toda vida importa\" \/>\n<meta property=\"og:description\" content=\"La Asociaci\u00f3n Gallega de Bio\u00e9tica (AGABI) ofrece la Conferencia-Coloquio\u00a0\u00abDesmontando mitos: la objeci\u00f3n de conciencia\u00bb\u00a0a cargo del Sr.\u00a0Federico de Montalvo, presidente del Comit\u00e9 de Bio\u00e9tica de Espa\u00f1a, y ser\u00e1 presentado por\u00a0\u00c1ngel Guerra Sierra, presidente de la Asociaci\u00f3n Gallega de Bio\u00e9tica. Dia: Mi\u00e9rcoles,\u00a017 de noviembre\u00a0de 2021 Hora:\u00a020h. Lugar:\u00a0Marco\u00a0(c\/ Pr\u00edncipe, 54, Vigo) Entrada libre hasta completar el aforo:...\" \/>\n<meta property=\"og:url\" content=\"https:\/\/www.forumlibertas.com\/eutanasia\/desmontando-mitos-la-objecion-de-conciencia\/\" \/>\n<meta property=\"og:site_name\" content=\"Eutanasia no, toda vida importa\" \/>\n<meta property=\"article:published_time\" content=\"2021-11-12T10:38:08+00:00\" \/>\n<meta property=\"og:image\" content=\"https:\/\/www.forumlibertas.com\/eutanasia\/wp-content\/uploads\/2021\/11\/agabi.jpg\" \/>\n\t<meta property=\"og:image:width\" content=\"795\" \/>\n\t<meta property=\"og:image:height\" content=\"426\" \/>\n<meta name=\"twitter:card\" content=\"summary_large_image\" \/>\n<meta name=\"twitter:label1\" content=\"Tiempo de lectura\">\n\t<meta name=\"twitter:data1\" content=\"1 minuto\">\n<script type=\"application\/ld+json\" class=\"yoast-schema-graph\">{\"@context\":\"https:\/\/schema.org\",\"@graph\":[{\"@type\":\"WebSite\",\"@id\":\"https:\/\/www.forumlibertas.com\/eutanasia\/#website\",\"url\":\"https:\/\/www.forumlibertas.com\/eutanasia\/\",\"name\":\"Eutanasia no, toda vida importa\",\"description\":\"Otro sitio realizado con WordPress\",\"potentialAction\":[{\"@type\":\"SearchAction\",\"target\":\"https:\/\/www.forumlibertas.com\/eutanasia\/?s={search_term_string}\",\"query-input\":\"required name=search_term_string\"}],\"inLanguage\":\"es\"},{\"@type\":\"ImageObject\",\"@id\":\"https:\/\/www.forumlibertas.com\/eutanasia\/desmontando-mitos-la-objecion-de-conciencia\/#primaryimage\",\"inLanguage\":\"es\",\"url\":\"https:\/\/www.forumlibertas.com\/eutanasia\/wp-content\/uploads\/2021\/11\/agabi.jpg\",\"contentUrl\":\"https:\/\/www.forumlibertas.com\/eutanasia\/wp-content\/uploads\/2021\/11\/agabi.jpg\",\"width\":795,\"height\":426},{\"@type\":\"WebPage\",\"@id\":\"https:\/\/www.forumlibertas.com\/eutanasia\/desmontando-mitos-la-objecion-de-conciencia\/#webpage\",\"url\":\"https:\/\/www.forumlibertas.com\/eutanasia\/desmontando-mitos-la-objecion-de-conciencia\/\",\"name\":\"Desmontando mitos: la objeci\\u00f3n de conciencia - Eutanasia no, toda vida importa\",\"isPartOf\":{\"@id\":\"https:\/\/www.forumlibertas.com\/eutanasia\/#website\"},\"primaryImageOfPage\":{\"@id\":\"https:\/\/www.forumlibertas.com\/eutanasia\/desmontando-mitos-la-objecion-de-conciencia\/#primaryimage\"},\"datePublished\":\"2021-11-12T10:38:08+00:00\",\"dateModified\":\"2021-11-12T10:38:08+00:00\",\"author\":{\"@id\":\"https:\/\/www.forumlibertas.com\/eutanasia\/#\/schema\/person\/02c7cca1c9e81fdebe608a5efe95a3cc\"},\"breadcrumb\":{\"@id\":\"https:\/\/www.forumlibertas.com\/eutanasia\/desmontando-mitos-la-objecion-de-conciencia\/#breadcrumb\"},\"inLanguage\":\"es\",\"potentialAction\":[{\"@type\":\"ReadAction\",\"target\":[\"https:\/\/www.forumlibertas.com\/eutanasia\/desmontando-mitos-la-objecion-de-conciencia\/\"]}]},{\"@type\":\"BreadcrumbList\",\"@id\":\"https:\/\/www.forumlibertas.com\/eutanasia\/desmontando-mitos-la-objecion-de-conciencia\/#breadcrumb\",\"itemListElement\":[{\"@type\":\"ListItem\",\"position\":1,\"item\":{\"@type\":\"WebPage\",\"@id\":\"https:\/\/www.forumlibertas.com\/eutanasia\/\",\"url\":\"https:\/\/www.forumlibertas.com\/eutanasia\/\",\"name\":\"Portada\"}},{\"@type\":\"ListItem\",\"position\":2,\"item\":{\"@id\":\"https:\/\/www.forumlibertas.com\/eutanasia\/desmontando-mitos-la-objecion-de-conciencia\/#webpage\"}}]},{\"@type\":\"Person\",\"@id\":\"https:\/\/www.forumlibertas.com\/eutanasia\/#\/schema\/person\/02c7cca1c9e81fdebe608a5efe95a3cc\",\"name\":\"ForumLibertas.com\",\"image\":{\"@type\":\"ImageObject\",\"@id\":\"https:\/\/www.forumlibertas.com\/eutanasia\/#personlogo\",\"inLanguage\":\"es\",\"url\":\"https:\/\/www.forumlibertas.com\/eutanasia\/wp-content\/uploads\/2021\/06\/logo-eutanasia-no-96x96.png\",\"contentUrl\":\"https:\/\/www.forumlibertas.com\/eutanasia\/wp-content\/uploads\/2021\/06\/logo-eutanasia-no-96x96.png\",\"caption\":\"ForumLibertas.com\"}}]}<\/script>\n<!-- \/ Yoast SEO plugin. -->","wps_subtitle":"","_links":{"self":[{"href":"https:\/\/www.forumlibertas.com\/eutanasia\/wp-json\/wp\/v2\/posts\/9184","targetHints":{"allow":["GET"]}}],"collection":[{"href":"https:\/\/www.forumlibertas.com\/eutanasia\/wp-json\/wp\/v2\/posts"}],"about":[{"href":"https:\/\/www.forumlibertas.com\/eutanasia\/wp-json\/wp\/v2\/types\/post"}],"author":[{"embeddable":true,"href":"https:\/\/www.forumlibertas.com\/eutanasia\/wp-json\/wp\/v2\/users\/3"}],"replies":[{"embeddable":true,"href":"https:\/\/www.forumlibertas.com\/eutanasia\/wp-json\/wp\/v2\/comments?post=9184"}],"version-history":[{"count":2,"href":"https:\/\/www.forumlibertas.com\/eutanasia\/wp-json\/wp\/v2\/posts\/9184\/revisions"}],"predecessor-version":[{"id":9187,"href":"https:\/\/www.forumlibertas.com\/eutanasia\/wp-json\/wp\/v2\/posts\/9184\/revisions\/9187"}],"wp:featuredmedia":[{"embeddable":true,"href":"https:\/\/www.forumlibertas.com\/eutanasia\/wp-json\/wp\/v2\/media\/9185"}],"wp:attachment":[{"href":"https:\/\/www.forumlibertas.com\/eutanasia\/wp-json\/wp\/v2\/media?parent=9184"}],"wp:term":[{"taxonomy":"category","embeddable":true,"href":"https:\/\/www.forumlibertas.com\/eutanasia\/wp-json\/wp\/v2\/categories?post=9184"},{"taxonomy":"post_tag","embeddable":true,"href":"https:\/\/www.forumlibertas.com\/eutanasia\/wp-json\/wp\/v2\/tags?post=9184"}],"curies":[{"name":"wp","href":"https:\/\/api.w.org\/{rel}","templated":true}]}}