{"id":9198,"date":"2022-02-17T11:16:20","date_gmt":"2022-02-17T11:16:20","guid":{"rendered":"https:\/\/www.forumlibertas.com\/eutanasia\/?p=9198"},"modified":"2022-02-18T11:21:05","modified_gmt":"2022-02-18T11:21:05","slug":"italia-debate-la-eutanasia-la-vida-gana-la-primera-batalla","status":"publish","type":"post","link":"https:\/\/www.forumlibertas.com\/eutanasia\/italia-debate-la-eutanasia-la-vida-gana-la-primera-batalla\/","title":{"rendered":"Italia debate la eutanasia: la vida gana la primera batalla"},"content":{"rendered":"<div class=\"pf-content\">\n<p>Desde la\u00a0<a href=\"https:\/\/www.ilsussidiario.net\/news\/cei-bene-referendum-eutanasia-bocciato-affermata-inderogabile-tutela-della-vita\/2293242\/\" target=\"_blank\" rel=\"noopener\">Conferencia Episcopal Italiana<\/a>\u00a0(CEI) llegan los aplausos a\u00a0<strong>la decisi\u00f3n del Tribunal Constitucional de Italia sobre el fondo del refer\u00e9ndum sobre la eutanasia legal, definido en la audiencia del 15 de febrero como \u00abinadmisible\u00bb para el voto popular de la pr\u00f3xima primavera.\u00a0<\/strong><\/p>\n<p>Los obispos de Italia en una nota expresan su satisfacci\u00f3n con la elecci\u00f3n tomada por los jueces de la Consulta, llamando ahora al Parlamento a considerar las normas destacadas por la Corte en las razones \u00abpreliminares\u00bb (a la espera del archivo efectivo de la sentencia en los pr\u00f3ximos d\u00edas).<\/p>\n<p>\u201cEl refer\u00e9ndum sobre el asesinato de la parte consentida es inadmisible: se confirma una opci\u00f3n ineludible para proteger la vida\u201d, es el t\u00edtulo de la breve nota firmada por la Presidencia de la Conferencia Episcopal Italiana, es decir, el cardenal Gualtiero Bassetti. En particular, se subraya el pasaje elegido por el Consejo para rechazar la cuesti\u00f3n promovida por la Asociaci\u00f3n Coscioni sobre el Fin de la Vida: \u00abEl Tribunal Constitucional con la decisi\u00f3n de hoy (ayer, ndr) confirm\u00f3 que la derogaci\u00f3n, aunque sea parcial, de la el asesinato de la persona que consiente es contrario al principio de \u00abla protecci\u00f3n m\u00ednima constitucionalmente necesaria de la vida humana, en general, y con especial referencia a los d\u00e9biles y vulnerables\u00bb\u00bb.<\/p>\n<div class=\"code-block code-block-4\">\n<div class=\"a-single a-7\">A la espera del archivo efectivo de la sentencia, la CEI toma nota \u00aba favor de este pronunciamiento\u00bb: la raz\u00f3n es pronto porque, seg\u00fan los obispos italianos, la invitaci\u00f3n de la Consulta es muy precisa y ahora tambi\u00e9n dirigida al Parlamento, <strong>\u00abEs una invitaci\u00f3n muy concreta a no marginar nunca el compromiso de la sociedad, en su conjunto, de ofrecer el apoyo necesario para superar o paliar la situaci\u00f3n de sufrimiento o de adversidad\u201d<\/strong>.<\/div>\n<\/div>\n<\/div>\n<div>\n<div class=\"code-block code-block-4\">\n<div><\/div>\n<\/div>\n<div class=\"twitter-tweet twitter-tweet-rendered\"><iframe id=\"twitter-widget-1\" class=\"\" title=\"Twitter Tweet\" src=\"https:\/\/platform.twitter.com\/embed\/Tweet.html?dnt=false&amp;embedId=twitter-widget-1&amp;features=eyJ0ZndfZXhwZXJpbWVudHNfY29va2llX2V4cGlyYXRpb24iOnsiYnVja2V0IjoxMjA5NjAwLCJ2ZXJzaW9uIjpudWxsfSwidGZ3X2hvcml6b25fdHdlZXRfZW1iZWRfOTU1NSI6eyJidWNrZXQiOiJodGUiLCJ2ZXJzaW9uIjpudWxsfSwidGZ3X3NwYWNlX2NhcmQiOnsiYnVja2V0Ijoib2ZmIiwidmVyc2lvbiI6bnVsbH19&amp;frame=false&amp;hideCard=false&amp;hideThread=false&amp;id=1493682724959367171&amp;lang=es&amp;origin=https%3A%2F%2Fwww.forumlibertas.com%2Fitalia-eutanasia%2F&amp;partner=tfwp&amp;sessionId=eb4f0d415d53f605be86cebde5efcc8908981a81&amp;theme=light&amp;widgetsVersion=2582c61%3A1645036219416&amp;width=550px\" frameborder=\"0\" scrolling=\"no\" allowfullscreen=\"allowfullscreen\" data-tweet-id=\"1493682724959367171\" data-mce-fragment=\"1\"><\/iframe><\/div>\n<p>&nbsp;<\/p>\n<p>La nota de la CEI cita la audiencia del Papa Francisco el pasado 9 de febrero en el Vaticano, cuando dijo \u201cLa vida es un derecho, no la <a href=\"https:\/\/www.forumlibertas.com\/eutanasia\/\" target=\"_blank\" rel=\"noopener\">muerte<\/a>, que hay que aceptar, no administrar. Y este principio \u00e9tico concierne a todos, no s\u00f3lo a los cristianos o a los creyentes\u00bb. Por todo ello, concluye la Conferencia Episcopal, \u201cnecesitamos prestar m\u00e1s atenci\u00f3n a quienes, en condiciones de fragilidad o vulnerabilidad, piden ser tratados con dignidad y acompa\u00f1ados con respeto y amor\u201d.<\/p>\n<\/div>\n<div class=\"pf-content\">\n<div class=\"code-block code-block-5\">\n<div class=\"a-single a-7\">Seg\u00fan Don Renzo Pegoraro, canciller de la Academia Pontificia para la Vida en Italia, entrevistado hoy por Vatican News, la elecci\u00f3n de la Corte es fundamentalmente en primer lugar en el frente legal: \u00abLa derogaci\u00f3n del art\u00edculo que proh\u00edbe el asesinato de la parte que consiente habr\u00eda abri\u00f3 un escenario de imposibilidad de proteger toda vida humana y garantizar a todo sujeto, en cualquier situaci\u00f3n. Porque era abrogativo, por tanto, significa quitar una prohibici\u00f3n, un delito, dejando abierta la posibilidad del homicidio en todas las situaciones\u201d.<\/div>\n<div><\/div>\n<\/div>\n<p>Respecto al texto de la ley que ahora est\u00e1 en manos del Parlamento sobre el Fin de la Vida, el sacerdote subraya que \u201cahora se pone en entredicho al Parlamento sobre la cuesti\u00f3n del llamado suicidio m\u00e9dicamente asistido, condici\u00f3n ya abierta, en este caso, lamentablemente podr\u00edamos decir por la Corte Constitucional\u00a0<strong>que ya admiti\u00f3 que se pueden admitir algunas situaciones muy definidas y restringidas de suicidio asistido porque ya no son delito. Y por tanto el Parlamento se ve en la obligaci\u00f3n de decidir sobre esta situaci\u00f3n que se ha producido\u00bb.<\/strong><\/p>\n<p>Recordando los magisterios del Papa Em\u00e9rito Benedicto XVI y del Papa Francisco, don Renzo aclara \u201cUna cosa son los cuidados paliativos, la asistencia, no a la furia, y otra cosa es provocar la muerte de un enfermo o ayudar al suicida. La Corte lo hizo posible, bajo ciertas condiciones definidas y restringidas, y ahora tendr\u00e1 que intervenir el legislador\u00bb.<\/p>\n<\/div>\n","protected":false},"excerpt":{"rendered":"<p>Desde la\u00a0Conferencia Episcopal Italiana\u00a0(CEI) llegan los aplausos a\u00a0la decisi\u00f3n del Tribunal Constitucional de Italia sobre el fondo del refer\u00e9ndum sobre la eutanasia legal, definido en la audiencia del 15 de febrero como \u00abinadmisible\u00bb para el voto popular de la pr\u00f3xima primavera.\u00a0 Los obispos de Italia en una nota expresan su satisfacci\u00f3n con la elecci\u00f3n tomada&#8230;<\/p>\n","protected":false},"author":3,"featured_media":9199,"comment_status":"open","ping_status":"open","sticky":false,"template":"","format":"standard","meta":{"_FSMCFIC_featured_image_caption":"","_FSMCFIC_featured_image_nocaption":null,"_FSMCFIC_featured_image_hide":null,"footnotes":""},"categories":[18],"tags":[],"class_list":["post-9198","post","type-post","status-publish","format-standard","has-post-thumbnail","hentry","category-noticias"],"yoast_head":"<!-- This site is optimized with the Yoast SEO plugin v16.2 - https:\/\/yoast.com\/wordpress\/plugins\/seo\/ -->\n<title>Italia debate la eutanasia: la vida gana la primera batalla - Eutanasia no, toda vida importa<\/title>\n<meta name=\"robots\" content=\"noindex, nofollow\" \/>\n<meta property=\"og:locale\" content=\"es_ES\" \/>\n<meta property=\"og:type\" content=\"article\" \/>\n<meta property=\"og:title\" content=\"Italia debate la eutanasia: la vida gana la primera batalla - Eutanasia no, toda vida importa\" \/>\n<meta property=\"og:description\" content=\"Desde la\u00a0Conferencia Episcopal Italiana\u00a0(CEI) llegan los aplausos a\u00a0la decisi\u00f3n del Tribunal Constitucional de Italia sobre el fondo del refer\u00e9ndum sobre la eutanasia legal, definido en la audiencia del 15 de febrero como \u00abinadmisible\u00bb para el voto popular de la pr\u00f3xima primavera.\u00a0 Los obispos de Italia en una nota expresan su satisfacci\u00f3n con la elecci\u00f3n tomada...\" \/>\n<meta property=\"og:url\" content=\"https:\/\/www.forumlibertas.com\/eutanasia\/italia-debate-la-eutanasia-la-vida-gana-la-primera-batalla\/\" \/>\n<meta property=\"og:site_name\" content=\"Eutanasia no, toda vida importa\" \/>\n<meta property=\"article:published_time\" content=\"2022-02-17T11:16:20+00:00\" \/>\n<meta property=\"article:modified_time\" content=\"2022-02-18T11:21:05+00:00\" \/>\n<meta property=\"og:image\" content=\"https:\/\/www.forumlibertas.com\/eutanasia\/wp-content\/uploads\/2022\/02\/referendum_eutanasia_legale_suicidio_cappato_coscioni_radicali_lapresse_2022-640x300-1-600x300-1.jpg\" \/>\n\t<meta property=\"og:image:width\" content=\"600\" \/>\n\t<meta property=\"og:image:height\" content=\"300\" \/>\n<meta name=\"twitter:card\" content=\"summary_large_image\" \/>\n<meta name=\"twitter:label1\" content=\"Tiempo de lectura\">\n\t<meta name=\"twitter:data1\" content=\"3 minutos\">\n<script type=\"application\/ld+json\" class=\"yoast-schema-graph\">{\"@context\":\"https:\/\/schema.org\",\"@graph\":[{\"@type\":\"WebSite\",\"@id\":\"https:\/\/www.forumlibertas.com\/eutanasia\/#website\",\"url\":\"https:\/\/www.forumlibertas.com\/eutanasia\/\",\"name\":\"Eutanasia no, toda vida importa\",\"description\":\"Otro sitio realizado con WordPress\",\"potentialAction\":[{\"@type\":\"SearchAction\",\"target\":\"https:\/\/www.forumlibertas.com\/eutanasia\/?s={search_term_string}\",\"query-input\":\"required name=search_term_string\"}],\"inLanguage\":\"es\"},{\"@type\":\"ImageObject\",\"@id\":\"https:\/\/www.forumlibertas.com\/eutanasia\/italia-debate-la-eutanasia-la-vida-gana-la-primera-batalla\/#primaryimage\",\"inLanguage\":\"es\",\"url\":\"https:\/\/www.forumlibertas.com\/eutanasia\/wp-content\/uploads\/2022\/02\/referendum_eutanasia_legale_suicidio_cappato_coscioni_radicali_lapresse_2022-640x300-1-600x300-1.jpg\",\"contentUrl\":\"https:\/\/www.forumlibertas.com\/eutanasia\/wp-content\/uploads\/2022\/02\/referendum_eutanasia_legale_suicidio_cappato_coscioni_radicali_lapresse_2022-640x300-1-600x300-1.jpg\",\"width\":600,\"height\":300},{\"@type\":\"WebPage\",\"@id\":\"https:\/\/www.forumlibertas.com\/eutanasia\/italia-debate-la-eutanasia-la-vida-gana-la-primera-batalla\/#webpage\",\"url\":\"https:\/\/www.forumlibertas.com\/eutanasia\/italia-debate-la-eutanasia-la-vida-gana-la-primera-batalla\/\",\"name\":\"Italia debate la eutanasia: la vida gana la primera batalla - Eutanasia no, toda vida importa\",\"isPartOf\":{\"@id\":\"https:\/\/www.forumlibertas.com\/eutanasia\/#website\"},\"primaryImageOfPage\":{\"@id\":\"https:\/\/www.forumlibertas.com\/eutanasia\/italia-debate-la-eutanasia-la-vida-gana-la-primera-batalla\/#primaryimage\"},\"datePublished\":\"2022-02-17T11:16:20+00:00\",\"dateModified\":\"2022-02-18T11:21:05+00:00\",\"author\":{\"@id\":\"https:\/\/www.forumlibertas.com\/eutanasia\/#\/schema\/person\/02c7cca1c9e81fdebe608a5efe95a3cc\"},\"breadcrumb\":{\"@id\":\"https:\/\/www.forumlibertas.com\/eutanasia\/italia-debate-la-eutanasia-la-vida-gana-la-primera-batalla\/#breadcrumb\"},\"inLanguage\":\"es\",\"potentialAction\":[{\"@type\":\"ReadAction\",\"target\":[\"https:\/\/www.forumlibertas.com\/eutanasia\/italia-debate-la-eutanasia-la-vida-gana-la-primera-batalla\/\"]}]},{\"@type\":\"BreadcrumbList\",\"@id\":\"https:\/\/www.forumlibertas.com\/eutanasia\/italia-debate-la-eutanasia-la-vida-gana-la-primera-batalla\/#breadcrumb\",\"itemListElement\":[{\"@type\":\"ListItem\",\"position\":1,\"item\":{\"@type\":\"WebPage\",\"@id\":\"https:\/\/www.forumlibertas.com\/eutanasia\/\",\"url\":\"https:\/\/www.forumlibertas.com\/eutanasia\/\",\"name\":\"Portada\"}},{\"@type\":\"ListItem\",\"position\":2,\"item\":{\"@id\":\"https:\/\/www.forumlibertas.com\/eutanasia\/italia-debate-la-eutanasia-la-vida-gana-la-primera-batalla\/#webpage\"}}]},{\"@type\":\"Person\",\"@id\":\"https:\/\/www.forumlibertas.com\/eutanasia\/#\/schema\/person\/02c7cca1c9e81fdebe608a5efe95a3cc\",\"name\":\"ForumLibertas.com\",\"image\":{\"@type\":\"ImageObject\",\"@id\":\"https:\/\/www.forumlibertas.com\/eutanasia\/#personlogo\",\"inLanguage\":\"es\",\"url\":\"https:\/\/www.forumlibertas.com\/eutanasia\/wp-content\/uploads\/2021\/06\/logo-eutanasia-no-96x96.png\",\"contentUrl\":\"https:\/\/www.forumlibertas.com\/eutanasia\/wp-content\/uploads\/2021\/06\/logo-eutanasia-no-96x96.png\",\"caption\":\"ForumLibertas.com\"}}]}<\/script>\n<!-- \/ Yoast SEO plugin. -->","wps_subtitle":"El Tribunal Constitucional italiano considera \u00abinadmisible\u00bb el refer\u00e9ndum para el voto popular de la pr\u00f3xima primavera","_links":{"self":[{"href":"https:\/\/www.forumlibertas.com\/eutanasia\/wp-json\/wp\/v2\/posts\/9198","targetHints":{"allow":["GET"]}}],"collection":[{"href":"https:\/\/www.forumlibertas.com\/eutanasia\/wp-json\/wp\/v2\/posts"}],"about":[{"href":"https:\/\/www.forumlibertas.com\/eutanasia\/wp-json\/wp\/v2\/types\/post"}],"author":[{"embeddable":true,"href":"https:\/\/www.forumlibertas.com\/eutanasia\/wp-json\/wp\/v2\/users\/3"}],"replies":[{"embeddable":true,"href":"https:\/\/www.forumlibertas.com\/eutanasia\/wp-json\/wp\/v2\/comments?post=9198"}],"version-history":[{"count":3,"href":"https:\/\/www.forumlibertas.com\/eutanasia\/wp-json\/wp\/v2\/posts\/9198\/revisions"}],"predecessor-version":[{"id":9201,"href":"https:\/\/www.forumlibertas.com\/eutanasia\/wp-json\/wp\/v2\/posts\/9198\/revisions\/9201"}],"wp:featuredmedia":[{"embeddable":true,"href":"https:\/\/www.forumlibertas.com\/eutanasia\/wp-json\/wp\/v2\/media\/9199"}],"wp:attachment":[{"href":"https:\/\/www.forumlibertas.com\/eutanasia\/wp-json\/wp\/v2\/media?parent=9198"}],"wp:term":[{"taxonomy":"category","embeddable":true,"href":"https:\/\/www.forumlibertas.com\/eutanasia\/wp-json\/wp\/v2\/categories?post=9198"},{"taxonomy":"post_tag","embeddable":true,"href":"https:\/\/www.forumlibertas.com\/eutanasia\/wp-json\/wp\/v2\/tags?post=9198"}],"curies":[{"name":"wp","href":"https:\/\/api.w.org\/{rel}","templated":true}]}}